{"id":18413,"date":"2020-02-17T17:18:48","date_gmt":"2020-02-17T16:18:48","guid":{"rendered":"http:\/\/pwiweb.uzh.ch\/wordpress\/?p=18413"},"modified":"2020-02-19T09:55:47","modified_gmt":"2020-02-19T08:55:47","slug":"die-svp-politisiert-an-der-basis-vorbei","status":"publish","type":"post","link":"https:\/\/pwiweb.uzh.ch\/wordpress\/blog\/2020\/02\/17\/die-svp-politisiert-an-der-basis-vorbei\/","title":{"rendered":"Die SVP politisiert an der Basis vorbei"},"content":{"rendered":"<p><strong>Pr\u00e4mien, Klimaschutz, Rentenalter \u2013 welche Parteien vertreten ihre W\u00e4hlerschaft am besten? Die Analyse zeigt: Das neugew\u00e4hlte Parlament politisiert teilweise am Volk vorbei.<\/strong><\/p>\n<hr>\n<p>Das Parlament vertritt das Volk &#8211; eigentlich. Doch wie gut wird die Meinung der Bev\u00f6lkerung wirklich repr\u00e4sentiert? Themen wie die Bilateralen Vertr\u00e4ge, die Beschaffung von Kampfflugzeugen sowie Klimaschutzmassnahmen stehen im kommenden Jahr auf der politischen Agenda. Im Vorfeld der Wahlen hat <a href=\"www.smartvote.ch\">smartvote<\/a> die Nationalr\u00e4tinnen und Nationalr\u00e4te gefragt, wie sie dazu stehen, 92 Prozent haben teilgenommen. Dieselben oder \u00e4hnliche Fragen wurden von <a href=\"https:\/\/sotomo.ch\/site\/\">sotomo<\/a> und dem <a href=\"https:\/\/www.gfsbern.ch\/de\/\">gfs Bern<\/a> auch dem Stimmvolk vorgelegt. Der Vergleich von acht Fragen zeigt: die Meinung der W\u00e4hlerinnen und W\u00e4hler wird nicht immer vertreten.<\/p>\n<table class=\"wp-block-table\">\n<thead>\n<tr>\n<th>Thema<\/th>\n<th>Frage<\/th>\n<\/tr>\n<\/thead>\n<tbody>\n<tr>\n<td>Begrenzung der Einwanderung vs. Bilaterale<\/td>\n<td>Ist die Begrenzung der Einwanderung f\u00fcr Sie wichtiger als der Erhalt der Bilateralen Vertr\u00e4ge mit der EU?<\/td>\n<\/tr>\n<tr>\n<td>Gleiche Rechte f\u00fcr gleichgeschlechtliche Paare<\/td>\n<td>Sollen gleichgeschlechtliche Paare in allen Bereichen die gleichen Rechte wie heterosexuelle Paare haben?<\/td>\n<\/tr>\n<tr>\n<td>Beschaffung neuer Kampfflugzeuge<\/td>\n<td>Bef\u00fcrworten Sie die Beschaffung neuer Kampfflugzeuge f\u00fcr die Schweizer Armee?<\/td>\n<\/tr>\n<tr>\n<td>Klimaschutzmassnahmen mit Kostenfolgen<\/td>\n<td>Bef\u00fcrworten Sie Massnahmen zum Klimaschutz in der Schweiz mit Kostenfolgen, die im Alltag deutlich sp\u00fcrbar sind (Treibstoffabgabe, Geb\u00e4udevorschriften, Road-Pricing usw.)?<\/td>\n<\/tr>\n<tr>\n<td>Organspende-Initiative<\/td>\n<td>Bef\u00fcrworten Sie die Organspende-Initiative?<\/td>\n<\/tr>\n<tr>\n<td>Verbilligung der Krankenkassenpr\u00e4mien<\/td>\n<td>Sind Sie daf\u00fcr, dass die Krankenkassenpr\u00e4mien auch f\u00fcr mittlere Einkommen mit Steuergeldern verbilligt werden?<\/td>\n<\/tr>\n<tr>\n<td>Erh\u00f6hung Rentenalter<\/td>\n<td>Bef\u00fcrworten Sie eine Erh\u00f6hung des Rentenalters (z. B. auf 67 Jahre)?<\/td>\n<\/tr>\n<tr>\n<td>Steuersenkungen auf Bundesebene<\/td>\n<td>Haben f\u00fcr Sie Steuersenkungen auf Bundesebene in den n\u00e4chsten vier Jahren Priorit\u00e4t?<\/td>\n<\/tr>\n<\/tbody>\n<\/table>\n<p>Am deutlichsten unterscheiden sich die Ansichten zwischen Parlament und Stimmbev\u00f6lkerung bei der Verbilligung der Krankenkassenpr\u00e4mien. W\u00e4hrend sich die W\u00e4hler\/innen mit einer Zustimmung von 56% relativ deutlich f\u00fcr eine Verg\u00fcnstigung aussprechen, findet die Thematik im Nationalrat keine Mehrheit.<\/p>\n<p>Auch beim Klima sind sich Volk und Volksvertreter nicht einig. Hier zeigen sich die Parlamentarierinnen und Parlamentarier klimafreundlicher: 66 Prozent bef\u00fcrworten Klimaschutz-Massnahmen mit sp\u00fcrbaren Kostenfolgen \u2013 im Volk wollen dies bloss knapp 54 Prozent.<\/p>\n<p><strong>Parlament und W\u00e4hler\/innen<\/strong><br>Zustimmung in %<\/p>\n<p><img loading=\"lazy\" decoding=\"async\" class=\"wp-image-18441 size-full aligncenter\" src=\"https:\/\/pwiweb.uzh.ch\/wordpress\/wp-content\/uploads\/2019\/12\/eins.png\" alt=\"\" width=\"3150\" height=\"1500\" srcset=\"https:\/\/pwiweb.uzh.ch\/wordpress\/wp-content\/uploads\/2019\/12\/eins.png 3150w, https:\/\/pwiweb.uzh.ch\/wordpress\/wp-content\/uploads\/2019\/12\/eins-300x143.png 300w, https:\/\/pwiweb.uzh.ch\/wordpress\/wp-content\/uploads\/2019\/12\/eins-768x366.png 768w, https:\/\/pwiweb.uzh.ch\/wordpress\/wp-content\/uploads\/2019\/12\/eins-1024x488.png 1024w\" sizes=\"auto, (max-width: 3150px) 100vw, 3150px\" \/><\/p>\n<p><img loading=\"lazy\" decoding=\"async\" class=\"aligncenter wp-image-18431 size-full\" src=\"https:\/\/pwiweb.uzh.ch\/wordpress\/wp-content\/uploads\/2019\/12\/eins-1.png\" alt=\"\" width=\"3150\" height=\"1500\"><span style=\"font-size: inherit;\">Die Erh\u00f6hung des Rentenalters, die Einf\u00fchrung gleicher Rechte f\u00fcr gleichgeschlechtliche Paare sowie Steuersenkungen werden von der kleinen Kammer am besten repr\u00e4sentiert. Die Zustimmungsraten weichen bei diesen Themen nur um wenige Prozentpunkte voneinander ab. W\u00e4hrend jedoch weder die Erh\u00f6hung des Rentenalters noch Steuersenkungen auf Bundesebene eine Mehrheit finden, steht der \u00d6ffnung der Ehe f\u00fcr gleichgeschlechtliche Paare nichts im Weg.<\/span><\/p>\n<p><strong>Kampfjet-Referendum k\u00f6nnte Erfolg haben<\/strong><\/p>\n<p>Die Beschaffung von neuen Kampfflugzeugen wird in unserer Analyse von den Nationalr\u00e4ten und Nationalr\u00e4tinnen mit deutlich gr\u00f6sserer Mehrheit unterst\u00fctzt als von den W\u00e4hlerinnen und W\u00e4hlern. Tats\u00e4chlich wurde im Nationalrat Anfang Dezember die Beschaffung von Kampfflugzeugen f\u00fcr maximal 6 Milliarden Franken beschlossen. Die Abstimmung fiel mit 123 zu 68 Stimmen aus, trotz einigen Abweichlern entspricht die erreichte Zustimmung von 64% fast punktgenau der errechneten Zustimmung aufgrund der smartvote-Daten (65%). Sollte das angek\u00fcndigte Referendum der Gruppe Schweiz ohne Armee zustande kommen, k\u00f6nnte es somit einen knappen Entscheid geben.<\/p>\n<p><strong>Bef\u00fcrworten Sie die Beschaffung neuer Kampfflugzeuge f\u00fcr die Schweizer Armee?<\/strong><\/p>\n<p><img loading=\"lazy\" decoding=\"async\" class=\"aligncenter wp-image-18466 size-full\" src=\"https:\/\/pwiweb.uzh.ch\/wordpress\/wp-content\/uploads\/2019\/12\/zwei-1.png\" alt=\"\" width=\"4800\" height=\"1200\" srcset=\"https:\/\/pwiweb.uzh.ch\/wordpress\/wp-content\/uploads\/2019\/12\/zwei-1.png 4800w, https:\/\/pwiweb.uzh.ch\/wordpress\/wp-content\/uploads\/2019\/12\/zwei-1-300x75.png 300w, https:\/\/pwiweb.uzh.ch\/wordpress\/wp-content\/uploads\/2019\/12\/zwei-1-768x192.png 768w, https:\/\/pwiweb.uzh.ch\/wordpress\/wp-content\/uploads\/2019\/12\/zwei-1-1024x256.png 1024w\" sizes=\"auto, (max-width: 4800px) 100vw, 4800px\" \/><\/p>\n<p style=\"font-size: 9pt;\">Bei den zwei SP-Mitgliedern auf der Ja-Seite handelt es sich um C\u00e9dric Wermuth und Edith Graf-Litscher. Obwohl diese bei smartvote angaben, grunds\u00e4tzlich f\u00fcr die Beschaffung neuer Kampfflugzeuge zu sein, stimmten sie im Nationalrat \u2018Nein\u2019. Auch die einige glp-Parlamentarier aus dem \u2019Nein\u2019-Lager \u00e4nderten ihre Meinung: Kathrin Bertschy,&nbsp; Melanie Mettler und Barbara Schaffner enthielten sich in der Schlussabstimmung, J\u00f6rg M\u00e4der stimmte im Nationalrat \u2019Ja\u2019.<\/p>\n<p><strong>FPD-Basis vielleicht doch nicht so klimafreundlich<\/strong><\/p>\n<p>Differenziert nach Parteien best\u00e4tigt sich das Bild, dass Politiker und Politikerinnen ihre Basis nicht bestm\u00f6glich vertreten. Gerade in der Positionierung der Parteien zur Klimapolitik gibt es Differenzen. Die Haltung der Parlamentarierinnen und Parlamentarier ist dabei polarisierter als diejenige der W\u00e4hlerschaft. Die klimapolitische Kehrtwende der FDP scheint bei ihrer Basis nur bedingt anzukommen. W\u00e4hrend weniger als die H\u00e4lfte der FDP-W\u00e4hlerinnen und W\u00e4hler Klimaschutzmassnahmen mit Kostenfolgen einf\u00fchren m\u00f6chten, liegt die Zustimmung der FDP im Parlament bei ganzen 75 Prozent. Obwohl ein strengerer Kurs in der <a href=\"https:\/\/www.srf.ch\/news\/schweiz\/wahlen-2019\/ein-unmoeglicher-spagat-die-fdp-in-der-klima-falle\">Klimafrage von der FDP-Basis grunds\u00e4tzlich unterst\u00fctzt wurde<\/a>, scheint dies nicht mehr zuzutreffen sobald die Massnahmen zu Kosten f\u00fchren.<\/p>\n<p><strong>Bef\u00fcrworten Sie Massnahmen zum Klimaschutz mit Kostenfolgen, die im Alltag deutlich sp\u00fcrbar sind?<\/strong><br>Zustimmung in %<\/p>\n<p><img loading=\"lazy\" decoding=\"async\" class=\"aligncenter wp-image-19236 size-full\" src=\"https:\/\/pwiweb.uzh.ch\/wordpress\/wp-content\/uploads\/2020\/02\/drei.png\" alt=\"\" width=\"3300\" height=\"2100\" srcset=\"https:\/\/pwiweb.uzh.ch\/wordpress\/wp-content\/uploads\/2020\/02\/drei.png 3300w, https:\/\/pwiweb.uzh.ch\/wordpress\/wp-content\/uploads\/2020\/02\/drei-300x191.png 300w, https:\/\/pwiweb.uzh.ch\/wordpress\/wp-content\/uploads\/2020\/02\/drei-768x489.png 768w, https:\/\/pwiweb.uzh.ch\/wordpress\/wp-content\/uploads\/2020\/02\/drei-1024x652.png 1024w\" sizes=\"auto, (max-width: 3300px) 100vw, 3300px\" \/><\/p>\n<p><strong>Grosse Differenzen beim Thema Pr\u00e4mienverbilligungen<\/strong><\/p>\n<p>Neben der aktuellen Debatte um das Klima, sind auch die Krankenkassenpr\u00e4mien ein Thema, welches die Bev\u00f6lkerung stark besch\u00e4ftigt. Ausser bei den Gr\u00fcnen und der SP ist die Zustimmung zum Ausbau der Pr\u00e4mienverbilligungen der Parteiw\u00e4hler und -w\u00e4hlerInnen deutlich gr\u00f6sser als bei den Parteien. Am offensichtlichsten zeigt sich der Graben bei der CVP: Eine Mehrheit der Basis bef\u00fcrwortet den Ausbau, w\u00e4hrend kein\/e CVP-Abgeordnete\/r im Parlament zustimmt. Auch bei der SVP bef\u00fcrwortet eine knappe Mehrheit der Basis die Verg\u00fcnstigung von Pr\u00e4mien, jedoch stimmen bloss 9% der Parteielite zu.<\/p>\n<p>Gegebenenfalls sind die grossen Differenzen darauf zur\u00fcckzuf\u00fchren, dass die Thematik leicht unterschiedlich abgefragt wurde. Die W\u00e4hlerinnen und W\u00e4hler beantworteten die Frage nach Pr\u00e4mienverg\u00fcnstigungen f\u00fcr mittlere Einkommen. Hingegen wurden die Parlamentarierinnen und Parlamentarier nach der SP-Initiative zur Entlastung der Krankenkassenpr\u00e4mien gefragt (<a href=\"#method\">siehe Methode<\/a>). Die grossen Differenzen lassen aber dennoch darauf schliessen, dass sich hier ein Graben zwischen Basis und Elite auftut.<\/p>\n<p><strong>Sind Sie daf\u00fcr, dass die Krankenkassenpr\u00e4mien auch f\u00fcr mittlere Einkommen mit Steuergeldern verbilligt werden?<\/strong><br>Zustimmung in %<\/p>\n<p><img loading=\"lazy\" decoding=\"async\" class=\"aligncenter wp-image-19237 size-full\" src=\"https:\/\/pwiweb.uzh.ch\/wordpress\/wp-content\/uploads\/2020\/02\/vier.png\" alt=\"\" width=\"3300\" height=\"2100\" srcset=\"https:\/\/pwiweb.uzh.ch\/wordpress\/wp-content\/uploads\/2020\/02\/vier.png 3300w, https:\/\/pwiweb.uzh.ch\/wordpress\/wp-content\/uploads\/2020\/02\/vier-300x191.png 300w, https:\/\/pwiweb.uzh.ch\/wordpress\/wp-content\/uploads\/2020\/02\/vier-768x489.png 768w, https:\/\/pwiweb.uzh.ch\/wordpress\/wp-content\/uploads\/2020\/02\/vier-1024x652.png 1024w\" sizes=\"auto, (max-width: 3300px) 100vw, 3300px\" \/><\/p>\n<p><strong>Vergleich zwischen den Parteien<\/strong><br>Durchschnittliche Differenz \u00fcber alle 8 Themen<\/p>\n<table class=\"table table-striped table-hover table-condensed table-responsive\" style=\"font-size: 13px; margin-left: auto; margin-right: auto;\">\n<thead>\n<tr>\n<th style=\"position: sticky; top: 0px; background-color: #ffffff; text-align: center;\">FDP<\/th>\n<th style=\"position: sticky; top: 0px; background-color: #ffffff; text-align: center;\">SVP<\/th>\n<th style=\"position: sticky; top: 0px; background-color: #ffffff; text-align: center;\">CVP<\/th>\n<th style=\"position: sticky; top: 0px; background-color: #ffffff; text-align: center;\">SP<\/th>\n<th style=\"position: sticky; top: 0px; background-color: #ffffff; text-align: center;\">Gr\u00fcne<\/th>\n<th style=\"position: sticky; top: 0px; background-color: #ffffff; text-align: center;\">glp<\/th>\n<th style=\"position: sticky; top: 0px; background-color: #ffffff; text-align: center;\">Total<\/th>\n<\/tr>\n<\/thead>\n<tbody>\n<tr>\n<td style=\"text-align: right;\">27.42<\/td>\n<td style=\"text-align: right;\">24.1<\/td>\n<td style=\"text-align: right;\">22.63<\/td>\n<td style=\"text-align: right;\">18.37<\/td>\n<td style=\"text-align: right;\">18.16<\/td>\n<td style=\"text-align: right;\">17.63<\/td>\n<td style=\"text-align: right;\">9.13<\/td>\n<\/tr>\n<\/tbody>\n<\/table>\n<p>\u00dcber alle Themen verteilt gibt es die gr\u00f6ssten Differenzen zwischen Basis und Parlamentarier\/innen bei der FDP. Neben Pr\u00e4mien und Klima werden die FDP-Sympathisanten auch bez\u00fcglich dem Bestreben das Rentenalter zu erh\u00f6hen nur ungen\u00fcgend vertreten.<\/p>\n<p>Am n\u00e4chsten bei den Anh\u00e4ngern politisiert aber auch nicht etwa die SVP, welche sich besonders volksnah gibt, sondern die glp, dicht gefolgt von den Gr\u00fcnen und der SP. W\u00e4hrend die SVP-Anh\u00e4ngerschaft beim Schl\u00fcsselthema Einwanderung gut von der Partei vertreten wird, scheint der Graben bei den Pr\u00e4mien und Steuern zu verlaufen. Die glp hingegen politisiert in den meisten Bereichen nahe bei ihrer W\u00e4hlerschaft. Die durchschnittliche Differenz \u00fcber alle Themen betr\u00e4gt hier bloss knapp 18 Prozentpunkte. Im Vergleich zur FDP und SVP liegt dies fast 10 Prozentpunkte tiefer.<\/p>\n<p>Die Schwarz-Weiss Debatten aus der grossen Kammer \u00fcberdecken, dass bei der Basis Gaustufen vorherrschen. Obwohl sowohl Unterschiede in der Repr\u00e4sentation der einzelnen Themen als auch bei den Parteien bestehen, ist zu erkennen, dass die Basis meistens gem\u00e4ssigtere Positionen einnimmt. Ein Erkl\u00e4rungsansatz daf\u00fcr, warum die W\u00e4hlerinnen und W\u00e4hler extreme Parteien w\u00e4hlen, ist das <em>strategische W\u00e4hlen<\/em>. Demnach werden gezielt Parteien gew\u00e4hlt, welche polarisierte Positionen vertreten. Den W\u00e4hlerinnen und W\u00e4hlern ist bewusst, dass die Partei nicht alleine bestimmen kann, sondern lediglich die Mitte etwas nach links oder rechts verschieben verschoben wird.<\/p>\n<p><strong>Differenzen Partei und Basis<\/strong><\/p>\n<p>Um die weiteren Differenzen zwischen der Basis und Parlamentarier\/innen zu sehen, w\u00e4hlen Sie das gew\u00fcnschte Thema aus.<\/p>\n\n\n<iframe loading=\"lazy\" src=\"https:\/\/pwiweb.uzh.ch\/wordpress\/wp-content\/uploads\/2019\/12\/drop.html\" scrolling=\"no\" width=\"100%\" height=\"500\" frameborder=\"0\"><\/iframe>\n\n\n\n<p style=\"font-size: 9pt;\">*In der ersten Version des Artikels vom 17. Februar 2020 wurde Bezug auf die Eintrittsabstimmung zur Beschaffung von Kampfflugzeugen genommen. Die Angaben wurden nun in Bezug zu der Schlussabstimmung vom 20. Dezember 2019 angepasst.<\/p>\n\n\n\n<p><style>\ndiv.blue { background-color:#edeef0; border-radius: 5px; padding: 20px;}<br \/>\n<\/style><\/p>\n<div class=\"blue\">\n<h3> Informationen zum Blogbeitrag <\/h3>\n<p>Name: Virginia Wenger<br>Matrikelnummer: 15-102-239<br>E-Mail: virginia.wenger@uzh.ch<\/p>\n<p>Seminar: Politischer Datenjournalismus (HS 2019)<br>Leitung: Theresa Gessler, Fabrizio Gilardi, Alexandra Kohler<br>Abgabedatum: 20. Dezember 2019<\/p>\n<p>Anzahl W\u00f6rter: 945<\/p>\n<p><a href=\"https:\/\/pwiweb.uzh.ch\/wordpress\/wp-content\/uploads\/2019\/12\/Selbststaendigkeitserklaerung.pdf\">Selbst\u00e4ndigkeitserkl\u00e4rung<\/a><\/p>\n<\/div>\n\n\n\n<br>\n<div id=\"htmlwidget-0585aeff1191f584b71d\" style=\"width:672px;height:6px;\" class=\"bsselect html-widget\" width=\"672\" height=\"6\"><\/div>\n<script type=\"application\/json\" data-for=\"htmlwidget-0585aeff1191f584b71d\">{\"x\":[],\"evals\":[],\"jsHooks\":[]}<\/script>\n<details>\n<style> \nsummary{font-size:20px;} \n        <\/style>\n<p><summary><a name=\"method\"><\/a>Methode<\/summary><\/p>\n<style>\ndiv.blue { background-color:#edeef0; border-radius: 5px; padding: 20px;}\n<\/style>\n<div class=\"blue\">\n<h3>\nQuellen\n<\/h3>\n<p>F\u00fcr die Antworten der Kandidierenden wurden Daten von der Online Wahlhilfe <a href=\"www.smartvote.ch\">smartvote<\/a> verwendet. Daten zur Zustimmung der W\u00e4hlerinnen und W\u00e4hler stammen aus der <a href=\"https:\/\/sotomo.ch\/site\/\">sotomo<\/a>-Wahltagsbefragung (18.-21.10.2019, N = 17\u2019392; +\/- 1.2 Prozentpunkte). F\u00fcr die Zustimmung der W\u00e4hlerinnen zu der Organspende-Initative wurden Daten vom <a href=\"https:\/\/www.gfsbern.ch\/de\/\">gfs Bern<\/a> verwendet (Umfrage f\u00fcr siwsstransplant; 19. August &#8211; 02. September 2019; N = 1\u2019205; +\/- 2.9 Prozentpunkte).<\/p>\n<h3>\nAnalyse\n<\/h3>\n<p>Die Antwortm\u00f6glichkeiten im smartvote-Fragebogen bestehen aus vier Kategorien: \u2018Ja\u2019, \u2018eher Ja\u2019, \u2018eher Nein\u2019 und \u2018Nein\u2019. F\u00fcr die Analyse wurden diese in die Kategorien \u2018Ja\u2019 (Ja und eher Ja) und \u2018Nein\u2019 (Nein und eher Nein) umcodiert. Die Gewichtung der W\u00e4hlerdaten wurde direkt von <a href=\"https:\/\/sotomo.ch\/site\/\">sotomo<\/a> vorgenommen. Nach der Umcodierung und dem Zusammenf\u00fchren der Datens\u00e4tze wurde die Zustimmung pro Partei f\u00fcr die 6 gr\u00f6ssten Parteien im Nationalrat berechnet. Parlamentarier\/innen der ALG und BastA! wurden den Gr\u00fcnen zugeteilt, die Mitglieder der LDP der FDP, Mitlgieder der EVP wurden der CVP und der EDU und Lega der SVP zugeordnet. Die angegebenen Differenzen setzen sich aus der Zustimmung der W\u00e4hler\/innen minus der Zustimmung der Parlamentarier\/innen zusammen.\n<br>\n<br>\nDen Code zur Analyse und den Grafiken finden Sie <a href=\"https:\/\/pwiweb.uzh.ch\/wordpress\/wp-content\/uploads\/2019\/12\/Blobeitrag_Code_2019-12-19.html\">hier.<\/a>\n<\/p>\n<h3>\nBemerkungen bez\u00fcglich der Fragen\n<\/h3>\n<p>Die Frage zur Erh\u00f6hung des Rentenalter, der Begrenzung der Einwanderung, Steuersenkungen, der Einf\u00fchrung gleicher Rechte f\u00fcr gleichgeschlechtliche Paare sowie die Frage zur Beschaffung von Kampfflugzeugen wurde den W\u00e4hler\/innen und Parlamentarier\/innen im gleichen Wortlaut vorgelegt. Bei den anderen drei Fragen gab es leichte differenzen:<\/p>\n<p><i>W\u00e4hler\/innen:<\/i><\/p>\n<ul>\n<li>Sind Sie daf\u00fcr, dass die Krankenkassenpr\u00e4mien auch f\u00fcr mittlere Einkommen mit Steuergeldern verbilligt werden?<\/li>\n<li>Bef\u00fcrworten Sie Massnahmen zum Klimaschutz in der Schweiz mit Kostenfolgen, die im Alltag deutlich sp\u00fcrbar sind (Treibstoffabgabe, Geb\u00e4udevorschriften, Road-Pricing usw.)?<\/li>\n<li>Bef\u00fcrworten Sie die Organspende-Initiative?<\/li>\n<\/ul>\n<p><i>Parlamentarier\/innen:<\/i><\/p>\n<ul>\n<li>Eine Initiative fordert, dass die Pr\u00e4mienverbilligung so ausgestaltet wird, dass niemand mehr als zehn Prozent des verf\u00fcgbaren Einkommens f\u00fcr die Krankenkassenpr\u00e4mien aufwenden muss. Bef\u00fcrworten Sie dies?<\/li>\n<li>Bislang wird auf fossile Brennstoffe (z.B. Heiz\u00f6l oder Erdgas) eine CO2-Abgabe erhoben. Soll diese Abgabe auch auf Treibstoffe (z.B. Benzin und Diesel) ausgeweitet werden?<\/li>\n<li>W\u00fcrden Sie die Einf\u00fchrung der Widerspruchsl\u00f6sung bei der Organspende bef\u00fcrworten?<\/li>\n<\/ul>\n<p>Aufgrund dieser Unterschiede sind die Differenzen bei diesen Fragen mit Vorsicht zu interpretieren.<\/p>\n<h3>\nsmartvote Daten\n<\/h3>\n<p>Ein oft eingebrachter Einwand f\u00fcr die Nutzung von smartvote-Daten ist, dass sich das Stimmverhalten der Parlamentarier und Parlamentarierinnen von den Angaben bei smartvote unterscheidet. <a href=\"https:\/\/blog.smartvote.ch\/smartvote-antworten-und-parlamentsabstimmungen-keine-frage-der-ehrlichkeit\/\">Untersuchungen<\/a> zeigten, dass dies in rund 80% der F\u00e4lle nicht der Fall ist. Obwohl es nat\u00fcrlich Unterschiede zwischen den einzelnen Parlamentariern gibt, eignen sich die Antworten der smartvote-Befragung daher f\u00fcr die Analyse.<\/p>\n<\/div>\n<p><\/details><\/p>\n<\/div>\n","protected":false},"excerpt":{"rendered":"<p>Pr\u00e4mien, Klimaschutz, Rentenalter \u2013 welche Parteien vertreten ihre W\u00e4hlerschaft am besten? Die Analyse zeigt: Das neugew\u00e4hlte Parlament politisiert teilweise am Volk vorbei. Das Parlament vertritt das Volk &#8211; eigentlich. Doch wie gut wird die Meinung der Bev\u00f6lkerung wirklich repr\u00e4sentiert? Themen wie die Bilateralen Vertr\u00e4ge, die Beschaffung von Kampfflugzeugen sowie Klimaschutzmassnahmen stehen im kommenden Jahr auf [&hellip;]<\/p>\n","protected":false},"author":136,"featured_media":0,"comment_status":"open","ping_status":"open","sticky":false,"template":"","format":"standard","meta":{"footnotes":""},"categories":[1],"tags":[],"class_list":["post-18413","post","type-post","status-publish","format-standard","hentry","category-allgemein"],"_links":{"self":[{"href":"https:\/\/pwiweb.uzh.ch\/wordpress\/wp-json\/wp\/v2\/posts\/18413","targetHints":{"allow":["GET"]}}],"collection":[{"href":"https:\/\/pwiweb.uzh.ch\/wordpress\/wp-json\/wp\/v2\/posts"}],"about":[{"href":"https:\/\/pwiweb.uzh.ch\/wordpress\/wp-json\/wp\/v2\/types\/post"}],"author":[{"embeddable":true,"href":"https:\/\/pwiweb.uzh.ch\/wordpress\/wp-json\/wp\/v2\/users\/136"}],"replies":[{"embeddable":true,"href":"https:\/\/pwiweb.uzh.ch\/wordpress\/wp-json\/wp\/v2\/comments?post=18413"}],"version-history":[{"count":41,"href":"https:\/\/pwiweb.uzh.ch\/wordpress\/wp-json\/wp\/v2\/posts\/18413\/revisions"}],"predecessor-version":[{"id":20160,"href":"https:\/\/pwiweb.uzh.ch\/wordpress\/wp-json\/wp\/v2\/posts\/18413\/revisions\/20160"}],"wp:attachment":[{"href":"https:\/\/pwiweb.uzh.ch\/wordpress\/wp-json\/wp\/v2\/media?parent=18413"}],"wp:term":[{"taxonomy":"category","embeddable":true,"href":"https:\/\/pwiweb.uzh.ch\/wordpress\/wp-json\/wp\/v2\/categories?post=18413"},{"taxonomy":"post_tag","embeddable":true,"href":"https:\/\/pwiweb.uzh.ch\/wordpress\/wp-json\/wp\/v2\/tags?post=18413"}],"curies":[{"name":"wp","href":"https:\/\/api.w.org\/{rel}","templated":true}]}}