{"id":20008,"date":"2020-08-18T11:41:10","date_gmt":"2020-08-18T09:41:10","guid":{"rendered":"http:\/\/pwiweb.uzh.ch\/wordpress\/?p=20008"},"modified":"2020-08-18T11:41:13","modified_gmt":"2020-08-18T09:41:13","slug":"alte-konservative-und-junge-revoluzzer","status":"publish","type":"post","link":"https:\/\/pwiweb.uzh.ch\/wordpress\/blog\/2020\/08\/18\/alte-konservative-und-junge-revoluzzer\/","title":{"rendered":"Alte konservative und junge Revoluzzer"},"content":{"rendered":"\n<h2 class=\"wp-block-heading\">Jungpolitiker werden oft als Rebellen und Idealisten abgestempelt. Die Analyse der Tweets von Jung-und Altpolitiker zeigt, dass dieses Vorurteil einen Hauch an Wahrheit beinhaltet.<\/h2>\n\n\n\n<p class=\"has-text-align-left\">&#8222;Wer mit 19 kein Revolution\u00e4r ist, hat kein Herz. Wer mit 40 immer noch ein Revolution\u00e4r ist, hat keinen Verstand.&#8220; So lautet das altbekannte Zitat. Der Jugend wird oft ein Drang zum Idealismus und Fanatismus zugesprochen. So haben auch Jungpolitiker oft den Ruf rebellischer zu sein als ihre \u00e4lteren Parteigenossen. Beispiele von jungen politischen &#8222;Rebellen&#8220; lassen sich in allen L\u00e4ndern und zu allen Zeiten in der Geschichte finden. Beispielsweise der 28-j\u00e4hriger Arzt namens Che Guevarra, der zum Guerrillaf\u00fchrer der kubanischen Revolution wurde und beim Umsturz des Batista-Regimes mithalf. Des weiteren war es die damals 26-j\u00e4hrige \u00e4gyptische Aktivistin Asmaa Mahfouz, die als Mitbegr\u00fcnderin der Jugendbewegung vom 6. Mai massgeblich an den Protesten beteiligt war, die den Anstoss der \u00e4gyptische Revolution 2011 begr\u00fcndeten. Auch die heutige Generation besitzt mit Greta Thunberg, der 17-j\u00e4hrigen Begr\u00fcnderin der &#8222;Fridays For Future&#8220; Bewegung, eine prominente politische Aktivistin.<\/p>\n\n\n\n<figure class=\"wp-block-gallery columns-3 is-cropped aligncenter wp-block-gallery-1 is-layout-flex wp-block-gallery-is-layout-flex\"><ul class=\"blocks-gallery-grid\"><li class=\"blocks-gallery-item\"><figure><img loading=\"lazy\" decoding=\"async\" width=\"799\" height=\"1024\" src=\"https:\/\/pwiweb.uzh.ch\/wordpress\/wp-content\/uploads\/2020\/06\/CheHigh-799x1024.jpg\" alt=\"\" data-id=\"20041\" data-link=\"https:\/\/pwiweb.uzh.ch\/wordpress\/?attachment_id=20041\" class=\"wp-image-20041\" srcset=\"https:\/\/pwiweb.uzh.ch\/wordpress\/wp-content\/uploads\/2020\/06\/CheHigh-799x1024.jpg 799w, https:\/\/pwiweb.uzh.ch\/wordpress\/wp-content\/uploads\/2020\/06\/CheHigh-234x300.jpg 234w, https:\/\/pwiweb.uzh.ch\/wordpress\/wp-content\/uploads\/2020\/06\/CheHigh-768x984.jpg 768w\" sizes=\"auto, (max-width: 799px) 100vw, 799px\" \/><figcaption class=\"blocks-gallery-item__caption\">Che Guevara<br>Photo by: Alberto Korda&nbsp;&#8211;&nbsp;Museo Che Guevara, Havana Cuba<\/figcaption><\/figure><\/li><li class=\"blocks-gallery-item\"><figure><img loading=\"lazy\" decoding=\"async\" width=\"746\" height=\"1024\" src=\"https:\/\/pwiweb.uzh.ch\/wordpress\/wp-content\/uploads\/2020\/06\/Greta_Thunberg_urges_MEPs_to_show_climate_leadership_49618310531_cropped-746x1024.jpg\" alt=\"\" data-id=\"20043\" data-link=\"https:\/\/pwiweb.uzh.ch\/wordpress\/?attachment_id=20043\" class=\"wp-image-20043\" srcset=\"https:\/\/pwiweb.uzh.ch\/wordpress\/wp-content\/uploads\/2020\/06\/Greta_Thunberg_urges_MEPs_to_show_climate_leadership_49618310531_cropped-746x1024.jpg 746w, https:\/\/pwiweb.uzh.ch\/wordpress\/wp-content\/uploads\/2020\/06\/Greta_Thunberg_urges_MEPs_to_show_climate_leadership_49618310531_cropped-219x300.jpg 219w, https:\/\/pwiweb.uzh.ch\/wordpress\/wp-content\/uploads\/2020\/06\/Greta_Thunberg_urges_MEPs_to_show_climate_leadership_49618310531_cropped-768x1054.jpg 768w, https:\/\/pwiweb.uzh.ch\/wordpress\/wp-content\/uploads\/2020\/06\/Greta_Thunberg_urges_MEPs_to_show_climate_leadership_49618310531_cropped.jpg 876w\" sizes=\"auto, (max-width: 746px) 100vw, 746px\" \/><figcaption class=\"blocks-gallery-item__caption\">Greta Thunberg<br>Quelle: Europ\u00e4isches Parlament<\/figcaption><\/figure><\/li><li class=\"blocks-gallery-item\"><figure><img loading=\"lazy\" decoding=\"async\" width=\"640\" height=\"480\" src=\"https:\/\/pwiweb.uzh.ch\/wordpress\/wp-content\/uploads\/2020\/06\/Asmaa_Mahfouz.jpg\" alt=\"\" data-id=\"20044\" data-link=\"https:\/\/pwiweb.uzh.ch\/wordpress\/?attachment_id=20044\" class=\"wp-image-20044\" srcset=\"https:\/\/pwiweb.uzh.ch\/wordpress\/wp-content\/uploads\/2020\/06\/Asmaa_Mahfouz.jpg 640w, https:\/\/pwiweb.uzh.ch\/wordpress\/wp-content\/uploads\/2020\/06\/Asmaa_Mahfouz-300x225.jpg 300w\" sizes=\"auto, (max-width: 640px) 100vw, 640px\" \/><figcaption class=\"blocks-gallery-item__caption\">Asmaa Mahfouz<br>Quelle: Wikipedia<\/figcaption><\/figure><\/li><\/ul><\/figure>\n\n\n\n<p>Die Sprache vieler Jugendbewegungen m\u00fcndet meist in Protestm\u00e4rschen. Der Hauptgrund hierf\u00fcr ist, dass politische Machtpositionen in vielen L\u00e4ndern von den \u00e4lteren Generationen beansprucht werden. Auch in der Schweiz wird die Politik durch die \u00e4lteren Semester bestimmt. Gem\u00e4ss <a href=\"https:\/\/www.parlament.ch\/de\/%C3%BCber-das-parlament\/fakten-und-zahlen\/zahlen-ratsmitglieder\">Statistiken zu den Ratsmitglieder der Bundesversammlung<\/a> liegt das Durchschnittsalter im Nationalrat bei 49 Jahren, im St\u00e4nderat sogar bei 54 Jahren. Insgesamt waren gerade 18 Parlamentsmitglieder, oder 7.3 % der Bundesversammlung, zwischen 25 und 35 Jahre. Im Vergleich hierzu z\u00e4hlten im Jahre 2018 14% der gesamten Schweizer Bev\u00f6lkerung zu der gleichen Altersklasse. <\/p>\n\n\n\n<p>Dennoch haben Jugendliche in der Schweiz, im Vergleich zu anderen L\u00e4ndern, dank den direktdemokratischen Instrumenten der Initiative und des Referendums erhebliche M\u00f6glichkeiten einen Einfluss auf die politischen Geschehnisse zu nehmen. Es lohnt sich f\u00fcr Schweizer Jugendliche deshalb, trotz fehlender Repr\u00e4sentation in der Bundesversammlung, mittels Jungparteien an der politischen Entscheidungsfindung teilzunehmen. <\/p>\n\n\n\n<p>Es stellt sich somit die Frage, ob Schweizer Jungpolitiker wirklich die radikaleren Forderungen von Protestbewegungen aufnehmen und diese in der politischen Arena vertreten? Eine Gegen\u00fcberstellung der Themen \u00fcber welche diese zwei Gruppen getwittert haben, erm\u00f6glicht es herauszufinden, ob j\u00fcngere Politiker sich tats\u00e4chlich st\u00e4rker mit jenen Anliegen besch\u00e4ftigen welche durch Jugend- und Protestbewegungen gefordert werden.<\/p>\n\n\n\n<h3 class=\"wp-block-heading\">Die politische Agenda<\/h3>\n\n\n\n<p>Wenn wir auf die politischen Ereignisse des Jahres 2019 zur\u00fcckblicken dann wird ersichtlich, dass das letzte Jahr im Zeichen der Protestbewegungen stand. <a href=\"https:\/\/www.srf.ch\/news\/schweiz\/ein-jahr-klimastreiks-animation-so-hat-die-klimajugend-demonstriert\">Gem\u00e4ss SRF fanden 170 Klimastreiks in der Schweiz<\/a> statt. Zudem gingen beim <a href=\"https:\/\/www.srf.ch\/news\/schweiz\/zweiter-frauenstreik-lila-mobilmachung-fuer-die-gleichberechtigung\">Frauenstreik vom 14 Juni hunderttausende auf die Strasse,<\/a> um f\u00fcr Gleichstellung zu protestieren. Die Themen des Klimaschutzes und der Gleichstellung waren auch jene Themen, die bei den Nationalratswahlen im Mittelpunkt standen. Auch das Verh\u00e4ltnis der Schweiz zur EU und das Rahmenabkommen f\u00fchrten letztes Jahr wieder zu hitzigen Diskussionen, welche im <a href=\"https:\/\/www.nzz.ch\/schweiz\/abstimmung-vorlagen-und-resultate-im-ueberblick-ld.1482080?reduced=true\">Referendum zur Umsetzung der EU-Waffenrichtlinie im Schweizer Waffenrecht <\/a>m\u00fcndeten.<\/p>\n\n\n\n<p>Einwanderungsthemen waren im Gegensatz zu den anderen Themen weit weniger pr\u00e4sent. Es lohnt sich dennoch auch dieses Thema in den Vergleich miteinzubeziehen, da Einwanderungsthemen, neben der EU-Thematik, zu den traditionellen politischen Anliegen von Altpolitiker z\u00e4hlen.<\/p>\n\n\n\n<h3 class=\"wp-block-heading\">Jung- und Altpolitiker im Vergleich<\/h3>\n\n\n\n<figure class=\"wp-block-gallery columns-1 is-cropped wp-block-gallery-2 is-layout-flex wp-block-gallery-is-layout-flex\"><ul class=\"blocks-gallery-grid\"><li class=\"blocks-gallery-item\"><figure><img loading=\"lazy\" decoding=\"async\" width=\"1024\" height=\"731\" src=\"https:\/\/pwiweb.uzh.ch\/wordpress\/wp-content\/uploads\/2020\/08\/aggr_plot-1-1024x731.png\" alt=\"\" data-id=\"20260\" data-full-url=\"https:\/\/pwiweb.uzh.ch\/wordpress\/wp-content\/uploads\/2020\/08\/aggr_plot-1.png\" data-link=\"https:\/\/pwiweb.uzh.ch\/wordpress\/?attachment_id=20260\" class=\"wp-image-20260\" srcset=\"https:\/\/pwiweb.uzh.ch\/wordpress\/wp-content\/uploads\/2020\/08\/aggr_plot-1-1024x731.png 1024w, https:\/\/pwiweb.uzh.ch\/wordpress\/wp-content\/uploads\/2020\/08\/aggr_plot-1-300x214.png 300w, https:\/\/pwiweb.uzh.ch\/wordpress\/wp-content\/uploads\/2020\/08\/aggr_plot-1-768x549.png 768w, https:\/\/pwiweb.uzh.ch\/wordpress\/wp-content\/uploads\/2020\/08\/aggr_plot-1.png 1400w\" sizes=\"auto, (max-width: 1024px) 100vw, 1024px\" \/><\/figure><\/li><\/ul><figcaption class=\"blocks-gallery-caption\">Lesebeispiel: Rund 4.5% aller Tweets von Jungpolitiker befassten sich mit dem Thema Klima <\/figcaption><\/figure>\n\n\n\n<p>Ein Blick auf die aggregierte Themenverteilung zeigt, dass die Themen Klima und Gleichstellungsfragen sich unter den Hauptanliegen von Alt- sowie Jungpolitiker finden lassen. Erkennbar ist, dass Jungpolitiker deutlich mehr \u00fcber Themen des Klimaschutzes getwittert haben. Bei der Thematik zu den Gleichstellungsfragen gibt es jedoch keinen deutlichen Unterschied zwischen den zwei Gruppen. Dies ist nicht \u00fcberraschend. W\u00e4hrend die Klimadebatte mehrheitlich durch Jugendbewegungen gef\u00fchrt wird, ist die Frauenrechtsbewegung viel heterogener organisiert.  Die Schweizer Frauenrechtsbewegung, wie wir sie heute kennen, entstand nicht erst durch die #Me-Too Bewegung, sondern wurde durch diese erneut entflammt. <a href=\"https:\/\/www.swissinfo.ch\/ger\/feminismus_frauenstreik-2019--das-juengste-kapitel-einer-langen-geschichte\/45023352\">Bereits am 14. Juni 1991 liefen 500&#8217;000 Schweizer Frauen auf die Strasse, um f\u00fcr Gleichstellung und gegen sexuelle Bel\u00e4stigungen zu protestieren<\/a>. Jene Feministinnen, die schon damals f\u00fcr eine gerechtere Gesellschaft k\u00e4mpften, stehen heute Seite an Seite mit der neuen Generation von Frauenrechtlern.<\/p>\n\n\n\n<p>Die EU-Thematik fand bei den Jungpolitiker weitaus weniger Beachtung. Das zentrale EU-Thema des letzten Jahres drehte sich vor allem um die Waffenrechtsdebatte. Dieses Thema war vor allem f\u00fcr Mitglieder von Schiessvereinen, Waffenbesitzer und rechte Politiker ein polarisierendes Thema. Obwohl das Waffenrecht auch durch Operation Libero thematisiert wurde, hat es allem Anschein nach die Interessen der Jungpolitiker und ihren W\u00e4hlern weniger tangiert und war deshalb von geringerer Bedeutung.<\/p>\n\n\n\n<p>Des weiteren haben sich Jungpolitiker in etwa gleichermassen mit Einwanderungs- und Asylfragen besch\u00e4ftigt wie Altpolitiker. Jedoch gilt es zu beachten, dass anhand der Themenverteilung nur R\u00fcckschl\u00fcsse \u00fcber die relative Wichtigkeit der Themen gezogen werden k\u00f6nnen. Es k\u00f6nnen keine Aussagen getroffen werden, wie sich Jugendliche zu den einzelnen Themen ge\u00e4ussert haben. Somit k\u00f6nnte es durchaus sein, dass sich Jungpolitiker positiv zu Einwanderungsthemen ge\u00e4ussert haben und die vergleichbare relative H\u00e4ufigkeit zwischen Jung- und Altpolitiker nur auf den allgemeinen \u00f6ffentlichen Diskurs \u00fcber diese Themen zur\u00fcckzuf\u00fchren ist.<\/p>\n\n\n\n<figure class=\"wp-block-gallery columns-1 is-cropped wp-block-gallery-3 is-layout-flex wp-block-gallery-is-layout-flex\"><ul class=\"blocks-gallery-grid\"><li class=\"blocks-gallery-item\"><figure><img loading=\"lazy\" decoding=\"async\" width=\"1024\" height=\"731\" src=\"https:\/\/pwiweb.uzh.ch\/wordpress\/wp-content\/uploads\/2020\/08\/plot_themen_parteien-1024x731.png\" alt=\"\" data-id=\"20261\" data-full-url=\"https:\/\/pwiweb.uzh.ch\/wordpress\/wp-content\/uploads\/2020\/08\/plot_themen_parteien.png\" data-link=\"https:\/\/pwiweb.uzh.ch\/wordpress\/?attachment_id=20261\" class=\"wp-image-20261\" srcset=\"https:\/\/pwiweb.uzh.ch\/wordpress\/wp-content\/uploads\/2020\/08\/plot_themen_parteien-1024x731.png 1024w, https:\/\/pwiweb.uzh.ch\/wordpress\/wp-content\/uploads\/2020\/08\/plot_themen_parteien-300x214.png 300w, https:\/\/pwiweb.uzh.ch\/wordpress\/wp-content\/uploads\/2020\/08\/plot_themen_parteien-768x549.png 768w, https:\/\/pwiweb.uzh.ch\/wordpress\/wp-content\/uploads\/2020\/08\/plot_themen_parteien.png 1400w\" sizes=\"auto, (max-width: 1024px) 100vw, 1024px\" \/><\/figure><\/li><\/ul><figcaption class=\"blocks-gallery-caption\"> Lesebeispiel: Rund 3.4% aller Tweets von rechten Jungpolitiker befassten sich mit dem Thema Klima   <\/figcaption><\/figure>\n\n\n\n<p>Wenn wir uns nun die Themenverteilung nach Parteigruppen anschauen, sehen wir, dass Altpolitiker auch innerhalb der Parteigruppen \u00f6fter \u00fcber das Thema EU getwittert haben als Jungpolitiker. Vor allem \u00e4ltere Rechts- und Mittepolitiker haben sich deutlich mehr \u00fcber Einwanderungs- und EU Themen ge\u00e4ussert. Im Gegensatz hierzu haben Jungpolitiker sich am meisten \u00fcber das Klima ge\u00e4ussert. Es waren vor allem Links- und junge Mittepolitiker welche am h\u00e4ufigsten \u00fcber das Klima getwittert haben, w\u00e4hrend Gleichstellungsfragen vor allem von Linkspolitiker behandelt wurden.<\/p>\n\n\n\n<h3 class=\"wp-block-heading\">M\u00e4nner und Frauen im Vergleich<\/h3>\n\n\n\n<figure class=\"wp-block-gallery columns-1 is-cropped wp-block-gallery-4 is-layout-flex wp-block-gallery-is-layout-flex\"><ul class=\"blocks-gallery-grid\"><li class=\"blocks-gallery-item\"><figure><img loading=\"lazy\" decoding=\"async\" width=\"1024\" height=\"731\" src=\"https:\/\/pwiweb.uzh.ch\/wordpress\/wp-content\/uploads\/2020\/08\/plot_mf-1024x731.png\" alt=\"\" data-id=\"20262\" data-full-url=\"https:\/\/pwiweb.uzh.ch\/wordpress\/wp-content\/uploads\/2020\/08\/plot_mf.png\" data-link=\"https:\/\/pwiweb.uzh.ch\/wordpress\/?attachment_id=20262\" class=\"wp-image-20262\" srcset=\"https:\/\/pwiweb.uzh.ch\/wordpress\/wp-content\/uploads\/2020\/08\/plot_mf-1024x731.png 1024w, https:\/\/pwiweb.uzh.ch\/wordpress\/wp-content\/uploads\/2020\/08\/plot_mf-300x214.png 300w, https:\/\/pwiweb.uzh.ch\/wordpress\/wp-content\/uploads\/2020\/08\/plot_mf-768x549.png 768w, https:\/\/pwiweb.uzh.ch\/wordpress\/wp-content\/uploads\/2020\/08\/plot_mf.png 1400w\" sizes=\"auto, (max-width: 1024px) 100vw, 1024px\" \/><\/figure><\/li><\/ul><figcaption class=\"blocks-gallery-caption\">  Lesebeispiel: Rund 6.1% aller Tweets von Jungpolitikerinnen befassten sich mit dem Thema Klima    <\/figcaption><\/figure>\n\n\n\n<p>Wie schon zuvor erw\u00e4hnt spielten die Themen zu den Geschlechterfragen und dem Klima im letzten Jahr eine wichtige Rolle in der politischen Agenda. Bei der Thematisierung dieser Themen beteiligten sich viele Frauen dabei die Anliegen dieser Bewegungen in der \u00d6ffentlichkeit und der Politik zu repr\u00e4sentierten. Es stellt sich deshalb die Frage, ob es auch zwischen den Geschlechtern Unterschiede in der Themenverteilung gibt. Wir werfen deshalb, zu guter Letzt, einen Blick auf die nach Geschlechtern aufgegliederte Themenverteilung. Man sieht, dass Jungpolitikerinnen sich am meisten mit den Themen der Protestbewegungen &#8211; Klima und Gleichstellung &#8211; auseinandergesetzt haben. Gleichstellungsfragen waren vor allem bei Politikerinnen hoch im Kurs, w\u00e4hrend m\u00e4nnliche Jungpolitiker sich vor allem mit der Klimadebatte besch\u00e4ftigten. Kontr\u00e4r dazu fanden die Anliegen der Protestbewegungen bei den Altpolitiker am wenigsten Beachtung. Zus\u00e4tzliche waren es beim EU- und Einwanderungsthema m\u00e4nnliche Politiker, welche sich vermehrt \u00fcber diese zwei Themen ge\u00e4ussert haben, w\u00e4hrend diese Themen bei den Politikerinnen eine untergeordnete Rolle spielten.<\/p>\n\n\n\n<p>Wenn wir nun zur\u00fcck zur Frage kehren, ob Jungpolitiker und -politikerinnen rebellischer sind als ihre \u00e4lteren Parteikollegen und -kolleginnen, kommen wir zum Entschluss, dass Jungpolitiker und allen voran linke Jungpolitiker, die Anliegen der Protestbewegungen am st\u00e4rksten thematisiert haben. Es waren aber vor allem Jungpolitikerinnen, welche sich auf Twitter am meisten \u00fcber Gleichstellung und Klima ge\u00e4ussert haben und sich als die Rebellinnen unter den Politkern betrachten d\u00fcrfen.<\/p>\n\n\n\n<figure class=\"wp-block-table aligncenter is-style-stripes\"><table class=\"\"><tbody><tr><td><strong>Informationen zum Blog:<\/strong><br>Blogbeitrag im Rahmen des Forschungsseminars \u00abPolitischer Datenjournalismus\u00bb (FS 2020)<br><br>Dozierende: Prof. Dr. Fabrizio Gilardi, Theresa Gessler, Alexandra Kohler<br><br> Verfasser: Yanik Kipfer|Matr. Nr. 10-706-117| kipferyanik@gmail.com<br><br> Abgabedatum: 30.06.2020<br><br> Anzahl W\u00f6rter:  986<br><br><a href=\"https:\/\/pwiweb.uzh.ch\/wordpress\/wp-content\/uploads\/2020\/06\/Selbstst\u00e4ndigkeitserkl\u00e4rung-1.pdf\">Selbstst\u00e4ndigkeitserkl\u00e4rung<\/a><br><br><strong>Daten,Vorgehen und Validit\u00e4t<\/strong><br>Die Twitterdaten der Schweizer Politiker wurden vom Digital Democracy Lab bereitgestellt und umfassen den Zeitraum vom Januar bis Oktober <br>2019. Die Daten wurden mit dem Statistikprogramm R ausgewertet.<br>Um die verschiedenen Themen innerhalb der Tweets zu eruieren, wurden W\u00f6rterb\u00fccher erstellt, welche die Themen anhand des Aufkommens von spezifischen W\u00f6rtern in <br>einem Tweet identifizieren. Beispielsweise wurde das Thema Klima <br>anhand der W\u00f6rter und Wortst\u00e4mme &#8222;klima*<em>&#8222;, &#8222;umwelt<\/em>*&#8220;, &#8222;treibhaus*&#8220;,<br>&#8222;climate&#8220;, &#8222;clima&#8220;, &#8222;ambiente&#8220;, &#8222;climat&#8220;, &#8222;environnement&#8220; erkannt.  Tweets welches diese W\u00f6rter und Wortst\u00e4mme aufwiesen wurden als Klimathemen klassifiziert.<br>Es wurden nur Politiker aus den Parteien der SVP, FDP, GLP, BDP, CVP, EVP, SP und Gr\u00fcne analysiert, wobei SVP und FDP in die Gruppe<br>der Rechtspolitiker, GLP, BDP, CVP und EVP in die Gruppe der <br>Mittepolitiker und SP und Gr\u00fcne in die Gruppe der Linkspolitiker <br>gruppiert wurden. Ob ein Politiker als Alt- oder Jungpolitiker <br>kategorisiert wurde, war abh\u00e4ngig davon, ob er einer Jungpartei <br>zugeh\u00f6rt oder nicht. <br>Dar\u00fcber hinaus wurde f\u00fcr den Vergleich zwischen den Geschlechtern, <br>die Jung- und Altpolitiker nach M\u00e4nner und Frauen unterschieden.<br>Ein Schwachpunkt dieser Analyse ist, dass sie nichts dar\u00fcber aussagt, <br>ob sich die Politiker positiv oder negativ zu den einzelnen Themen <br>ge\u00e4ussert haben. Somit k\u00f6nnen wir nicht ausschliessen, dass ein Teil der <br>Jungpolitiker sich negativ zu den Themen der Protestbewegungen <br>ge\u00e4ussert haben und diese eigentlich aus der &#8222;Rebellengruppe&#8220;<br>ausgeschlossen werden m\u00fcssten. <\/td><\/tr><\/tbody><\/table><\/figure>\n\n\n\n<p><\/p>\n","protected":false},"excerpt":{"rendered":"<p>Jungpolitiker werden oft als Rebellen und Idealisten abgestempelt. Die Analyse der Tweets von Jung-und Altpolitiker zeigt, dass dieses Vorurteil einen Hauch an Wahrheit beinhaltet. &#8222;Wer mit 19 kein Revolution\u00e4r ist, hat kein Herz. Wer mit 40 immer noch ein Revolution\u00e4r ist, hat keinen Verstand.&#8220; So lautet das altbekannte Zitat. Der Jugend wird oft ein Drang [&hellip;]<\/p>\n","protected":false},"author":137,"featured_media":0,"comment_status":"open","ping_status":"open","sticky":false,"template":"","format":"standard","meta":{"footnotes":""},"categories":[1],"tags":[],"class_list":["post-20008","post","type-post","status-publish","format-standard","hentry","category-allgemein"],"_links":{"self":[{"href":"https:\/\/pwiweb.uzh.ch\/wordpress\/wp-json\/wp\/v2\/posts\/20008","targetHints":{"allow":["GET"]}}],"collection":[{"href":"https:\/\/pwiweb.uzh.ch\/wordpress\/wp-json\/wp\/v2\/posts"}],"about":[{"href":"https:\/\/pwiweb.uzh.ch\/wordpress\/wp-json\/wp\/v2\/types\/post"}],"author":[{"embeddable":true,"href":"https:\/\/pwiweb.uzh.ch\/wordpress\/wp-json\/wp\/v2\/users\/137"}],"replies":[{"embeddable":true,"href":"https:\/\/pwiweb.uzh.ch\/wordpress\/wp-json\/wp\/v2\/comments?post=20008"}],"version-history":[{"count":115,"href":"https:\/\/pwiweb.uzh.ch\/wordpress\/wp-json\/wp\/v2\/posts\/20008\/revisions"}],"predecessor-version":[{"id":20333,"href":"https:\/\/pwiweb.uzh.ch\/wordpress\/wp-json\/wp\/v2\/posts\/20008\/revisions\/20333"}],"wp:attachment":[{"href":"https:\/\/pwiweb.uzh.ch\/wordpress\/wp-json\/wp\/v2\/media?parent=20008"}],"wp:term":[{"taxonomy":"category","embeddable":true,"href":"https:\/\/pwiweb.uzh.ch\/wordpress\/wp-json\/wp\/v2\/categories?post=20008"},{"taxonomy":"post_tag","embeddable":true,"href":"https:\/\/pwiweb.uzh.ch\/wordpress\/wp-json\/wp\/v2\/tags?post=20008"}],"curies":[{"name":"wp","href":"https:\/\/api.w.org\/{rel}","templated":true}]}}